{"id":402,"date":"2025-11-20T10:48:00","date_gmt":"2025-11-20T09:48:00","guid":{"rendered":"https:\/\/schule-in-den-grasgaerten.de\/?p=402"},"modified":"2026-03-05T10:58:33","modified_gmt":"2026-03-05T09:58:33","slug":"erste-hilfe-kurs-%f0%9f%a9%b9%e2%9b%91%ef%b8%8f","status":"publish","type":"post","link":"http:\/\/schule-in-den-grasgaerten.de\/?p=402","title":{"rendered":"Erste-Hilfe-Kurs \ud83e\ude79\u26d1\ufe0f"},"content":{"rendered":"\n<p>Gestern war unser p\u00e4dagogischer Tag &#8211; und passend zum ersten Schnee hatten unsere Sch\u00fcler:innen frei, w\u00e4hrend das Kollegium einen intensiven Erste-Hilfe-Kurs mit dem ASB absolvierte. \u2744\ufe0f\ud83d\ude91<\/p>\n\n\n\n<p>Wir \u00fcbten Verb\u00e4nde anlegen, die stabile Seitenlage, Wiederbelebung, das richtige Handeln bei Verschlucken und sprachen \u00fcber wichtige Krankheitsbilder.<\/p>\n\n\n\n<p>Ein lehrreicher Tag, der uns gezeigt hat, wie wichtig Sicherheit und schnelle Hilfe im Schulalltag sind. \ud83d\udc9b\ud83d\udc69\ud83c\udffc\u200d\ud83c\udfeb\ud83d\udc68\ud83c\udffb\u200d\ud83c\udfeb<\/p>\n\n\n\n<p>Vielen Dank an Dennis vom ASB Saarbr\u00fccken f\u00fcr den lehrreichen Tag. \ud83d\ude91<\/p>\n\n\n\n<figure class=\"wp-block-gallery has-nested-images columns-default is-cropped wp-block-gallery-1 is-layout-flex wp-block-gallery-is-layout-flex\">\n<figure class=\"wp-block-image size-large\"><img loading=\"lazy\" decoding=\"async\" width=\"768\" height=\"1024\" data-id=\"406\" src=\"https:\/\/schule-in-den-grasgaerten.de\/wp-content\/uploads\/2026\/03\/IMG_6906-768x1024.jpg\" alt=\"\" class=\"wp-image-406\" srcset=\"http:\/\/schule-in-den-grasgaerten.de\/wp-content\/uploads\/2026\/03\/IMG_6906-768x1024.jpg 768w, http:\/\/schule-in-den-grasgaerten.de\/wp-content\/uploads\/2026\/03\/IMG_6906-225x300.jpg 225w, http:\/\/schule-in-den-grasgaerten.de\/wp-content\/uploads\/2026\/03\/IMG_6906-1152x1536.jpg 1152w, http:\/\/schule-in-den-grasgaerten.de\/wp-content\/uploads\/2026\/03\/IMG_6906.jpg 1536w\" sizes=\"auto, (max-width: 768px) 100vw, 768px\" \/><\/figure>\n\n\n\n<figure class=\"wp-block-image size-large\"><img loading=\"lazy\" decoding=\"async\" width=\"768\" height=\"1024\" data-id=\"404\" src=\"https:\/\/schule-in-den-grasgaerten.de\/wp-content\/uploads\/2026\/03\/IMG_6903-768x1024.jpg\" alt=\"\" class=\"wp-image-404\" srcset=\"http:\/\/schule-in-den-grasgaerten.de\/wp-content\/uploads\/2026\/03\/IMG_6903-768x1024.jpg 768w, http:\/\/schule-in-den-grasgaerten.de\/wp-content\/uploads\/2026\/03\/IMG_6903-225x300.jpg 225w, http:\/\/schule-in-den-grasgaerten.de\/wp-content\/uploads\/2026\/03\/IMG_6903-1152x1536.jpg 1152w, http:\/\/schule-in-den-grasgaerten.de\/wp-content\/uploads\/2026\/03\/IMG_6903.jpg 1536w\" sizes=\"auto, (max-width: 768px) 100vw, 768px\" \/><\/figure>\n\n\n\n<figure class=\"wp-block-image size-large\"><img loading=\"lazy\" decoding=\"async\" width=\"768\" height=\"1024\" data-id=\"405\" src=\"https:\/\/schule-in-den-grasgaerten.de\/wp-content\/uploads\/2026\/03\/IMG_6902-768x1024.jpg\" alt=\"\" class=\"wp-image-405\" srcset=\"http:\/\/schule-in-den-grasgaerten.de\/wp-content\/uploads\/2026\/03\/IMG_6902-768x1024.jpg 768w, http:\/\/schule-in-den-grasgaerten.de\/wp-content\/uploads\/2026\/03\/IMG_6902-225x300.jpg 225w, http:\/\/schule-in-den-grasgaerten.de\/wp-content\/uploads\/2026\/03\/IMG_6902-1152x1536.jpg 1152w, http:\/\/schule-in-den-grasgaerten.de\/wp-content\/uploads\/2026\/03\/IMG_6902.jpg 1536w\" sizes=\"auto, (max-width: 768px) 100vw, 768px\" \/><\/figure>\n\n\n\n<figure class=\"wp-block-image size-large\"><img loading=\"lazy\" decoding=\"async\" width=\"768\" height=\"1024\" data-id=\"403\" src=\"https:\/\/schule-in-den-grasgaerten.de\/wp-content\/uploads\/2026\/03\/IMG_6893-768x1024.jpg\" alt=\"\" class=\"wp-image-403\" srcset=\"http:\/\/schule-in-den-grasgaerten.de\/wp-content\/uploads\/2026\/03\/IMG_6893-768x1024.jpg 768w, http:\/\/schule-in-den-grasgaerten.de\/wp-content\/uploads\/2026\/03\/IMG_6893-225x300.jpg 225w, http:\/\/schule-in-den-grasgaerten.de\/wp-content\/uploads\/2026\/03\/IMG_6893-1152x1536.jpg 1152w, http:\/\/schule-in-den-grasgaerten.de\/wp-content\/uploads\/2026\/03\/IMG_6893.jpg 1536w\" sizes=\"auto, (max-width: 768px) 100vw, 768px\" \/><\/figure>\n<\/figure>\n\n\n\n<figure class=\"wp-block-video\"><video controls src=\"https:\/\/schule-in-den-grasgaerten.de\/wp-content\/uploads\/2026\/03\/2C570A5C-8573-4DBD-985D-4A3925D92CA1.mp4\"><\/video><\/figure>\n","protected":false},"excerpt":{"rendered":"<p>Gestern war unser p\u00e4dagogischer Tag &#8211; und passend zum ersten Schnee hatten unsere Sch\u00fcler:innen frei, w\u00e4hrend das Kollegium einen intensiven Erste-Hilfe-Kurs mit dem ASB absolvierte. \u2744\ufe0f\ud83d\ude91 Wir \u00fcbten Verb\u00e4nde anlegen, die stabile Seitenlage, Wiederbelebung, das richtige Handeln bei Verschlucken und sprachen \u00fcber wichtige Krankheitsbilder. Ein lehrreicher Tag, der uns gezeigt hat, wie wichtig Sicherheit und [&hellip;]<\/p>\n","protected":false},"author":1,"featured_media":0,"comment_status":"closed","ping_status":"","sticky":false,"template":"","format":"standard","meta":{"footnotes":""},"categories":[1],"tags":[],"class_list":["post-402","post","type-post","status-publish","format-standard","hentry","category-uncategorized"],"_links":{"self":[{"href":"http:\/\/schule-in-den-grasgaerten.de\/index.php?rest_route=\/wp\/v2\/posts\/402","targetHints":{"allow":["GET"]}}],"collection":[{"href":"http:\/\/schule-in-den-grasgaerten.de\/index.php?rest_route=\/wp\/v2\/posts"}],"about":[{"href":"http:\/\/schule-in-den-grasgaerten.de\/index.php?rest_route=\/wp\/v2\/types\/post"}],"author":[{"embeddable":true,"href":"http:\/\/schule-in-den-grasgaerten.de\/index.php?rest_route=\/wp\/v2\/users\/1"}],"replies":[{"embeddable":true,"href":"http:\/\/schule-in-den-grasgaerten.de\/index.php?rest_route=%2Fwp%2Fv2%2Fcomments&post=402"}],"version-history":[{"count":1,"href":"http:\/\/schule-in-den-grasgaerten.de\/index.php?rest_route=\/wp\/v2\/posts\/402\/revisions"}],"predecessor-version":[{"id":408,"href":"http:\/\/schule-in-den-grasgaerten.de\/index.php?rest_route=\/wp\/v2\/posts\/402\/revisions\/408"}],"wp:attachment":[{"href":"http:\/\/schule-in-den-grasgaerten.de\/index.php?rest_route=%2Fwp%2Fv2%2Fmedia&parent=402"}],"wp:term":[{"taxonomy":"category","embeddable":true,"href":"http:\/\/schule-in-den-grasgaerten.de\/index.php?rest_route=%2Fwp%2Fv2%2Fcategories&post=402"},{"taxonomy":"post_tag","embeddable":true,"href":"http:\/\/schule-in-den-grasgaerten.de\/index.php?rest_route=%2Fwp%2Fv2%2Ftags&post=402"}],"curies":[{"name":"wp","href":"https:\/\/api.w.org\/{rel}","templated":true}]}}