{"id":386,"date":"2025-09-26T13:10:00","date_gmt":"2025-09-26T11:10:00","guid":{"rendered":"https:\/\/schule-in-den-grasgaerten.de\/?p=386"},"modified":"2026-03-04T13:18:27","modified_gmt":"2026-03-04T12:18:27","slug":"3-altenkesseler-benefizlauf-%f0%9f%8f%83%f0%9f%8f%bd%e2%9c%a8","status":"publish","type":"post","link":"http:\/\/schule-in-den-grasgaerten.de\/?p=386","title":{"rendered":"3. Altenkesseler Benefizlauf \ud83c\udfc3\ud83c\udffd\u2728"},"content":{"rendered":"\n<p>Am Freitag, den 12.09.2025 haben unsere Sch\u00fcler:innen hochmotiviert am Benefizlauf teilgenommen und dabei vollen Einsatz gezeigt!<\/p>\n\n\n\n<p>Heute gab es f\u00fcr alle Teilnehmer:innen die verdiente Urkunde &#8222;Sportler mit Herz \u2764\ufe0f&#8220; und f\u00fcr die Jahrgangsbesten sogar kleine Geschenke.<\/p>\n\n\n\n<p>Besonders gefreut hat uns der Besuch von Herrn Hans-J\u00fcrgen Altes (Bezirksb\u00fcrgermeister des Stadtbezirks West), der die gemeinsame Arbeit mit unserer Schule in Zukunft weiter st\u00e4rken m\u00f6chte.<\/p>\n\n\n\n<p>Das Beste: Gemeinsam haben wir 700\u20ac f\u00fcr den guten Zweck gesammelt \ud83e\udd29.<\/p>\n\n\n\n<p>Ein gro\u00dfes Dankesch\u00f6n an alle L\u00e4ufer:innen, Organisatoren sowie die vielen Spender! \u2764\ufe0f<\/p>\n\n\n\n<figure class=\"wp-block-gallery has-nested-images columns-default is-cropped wp-block-gallery-1 is-layout-flex wp-block-gallery-is-layout-flex\">\n<figure class=\"wp-block-image size-large\"><img loading=\"lazy\" decoding=\"async\" width=\"768\" height=\"1024\" data-id=\"388\" src=\"https:\/\/schule-in-den-grasgaerten.de\/wp-content\/uploads\/2026\/03\/486d8bae-3c8f-46dd-8110-d3edffed5b44-768x1024.jpg\" alt=\"\" class=\"wp-image-388\" srcset=\"http:\/\/schule-in-den-grasgaerten.de\/wp-content\/uploads\/2026\/03\/486d8bae-3c8f-46dd-8110-d3edffed5b44-768x1024.jpg 768w, http:\/\/schule-in-den-grasgaerten.de\/wp-content\/uploads\/2026\/03\/486d8bae-3c8f-46dd-8110-d3edffed5b44-225x300.jpg 225w, http:\/\/schule-in-den-grasgaerten.de\/wp-content\/uploads\/2026\/03\/486d8bae-3c8f-46dd-8110-d3edffed5b44-1152x1536.jpg 1152w, http:\/\/schule-in-den-grasgaerten.de\/wp-content\/uploads\/2026\/03\/486d8bae-3c8f-46dd-8110-d3edffed5b44.jpg 1200w\" sizes=\"auto, (max-width: 768px) 100vw, 768px\" \/><\/figure>\n\n\n\n<figure class=\"wp-block-image size-large\"><img loading=\"lazy\" decoding=\"async\" width=\"768\" height=\"1024\" data-id=\"389\" src=\"https:\/\/schule-in-den-grasgaerten.de\/wp-content\/uploads\/2026\/03\/813c221e-930d-42c5-bb51-550b8ae85b85-768x1024.jpg\" alt=\"\" class=\"wp-image-389\" srcset=\"http:\/\/schule-in-den-grasgaerten.de\/wp-content\/uploads\/2026\/03\/813c221e-930d-42c5-bb51-550b8ae85b85-768x1024.jpg 768w, http:\/\/schule-in-den-grasgaerten.de\/wp-content\/uploads\/2026\/03\/813c221e-930d-42c5-bb51-550b8ae85b85-225x300.jpg 225w, http:\/\/schule-in-den-grasgaerten.de\/wp-content\/uploads\/2026\/03\/813c221e-930d-42c5-bb51-550b8ae85b85-1152x1536.jpg 1152w, http:\/\/schule-in-den-grasgaerten.de\/wp-content\/uploads\/2026\/03\/813c221e-930d-42c5-bb51-550b8ae85b85.jpg 1200w\" sizes=\"auto, (max-width: 768px) 100vw, 768px\" \/><\/figure>\n\n\n\n<figure class=\"wp-block-image size-large\"><img loading=\"lazy\" decoding=\"async\" width=\"724\" height=\"1024\" data-id=\"387\" src=\"https:\/\/schule-in-den-grasgaerten.de\/wp-content\/uploads\/2026\/03\/299e35fb-713b-4704-9591-2c9e54af13d4-724x1024.jpg\" alt=\"\" class=\"wp-image-387\" srcset=\"http:\/\/schule-in-den-grasgaerten.de\/wp-content\/uploads\/2026\/03\/299e35fb-713b-4704-9591-2c9e54af13d4-724x1024.jpg 724w, http:\/\/schule-in-den-grasgaerten.de\/wp-content\/uploads\/2026\/03\/299e35fb-713b-4704-9591-2c9e54af13d4-212x300.jpg 212w, http:\/\/schule-in-den-grasgaerten.de\/wp-content\/uploads\/2026\/03\/299e35fb-713b-4704-9591-2c9e54af13d4-768x1086.jpg 768w, http:\/\/schule-in-den-grasgaerten.de\/wp-content\/uploads\/2026\/03\/299e35fb-713b-4704-9591-2c9e54af13d4-1087x1536.jpg 1087w, http:\/\/schule-in-den-grasgaerten.de\/wp-content\/uploads\/2026\/03\/299e35fb-713b-4704-9591-2c9e54af13d4.jpg 1132w\" sizes=\"auto, (max-width: 724px) 100vw, 724px\" \/><\/figure>\n\n\n\n<figure class=\"wp-block-image size-large\"><img loading=\"lazy\" decoding=\"async\" width=\"819\" height=\"1024\" data-id=\"391\" src=\"https:\/\/schule-in-den-grasgaerten.de\/wp-content\/uploads\/2026\/03\/d87ef5a3-7495-4db3-8060-41701599146e-819x1024.jpg\" alt=\"\" class=\"wp-image-391\" srcset=\"http:\/\/schule-in-den-grasgaerten.de\/wp-content\/uploads\/2026\/03\/d87ef5a3-7495-4db3-8060-41701599146e-819x1024.jpg 819w, http:\/\/schule-in-den-grasgaerten.de\/wp-content\/uploads\/2026\/03\/d87ef5a3-7495-4db3-8060-41701599146e-240x300.jpg 240w, http:\/\/schule-in-den-grasgaerten.de\/wp-content\/uploads\/2026\/03\/d87ef5a3-7495-4db3-8060-41701599146e-768x960.jpg 768w, http:\/\/schule-in-den-grasgaerten.de\/wp-content\/uploads\/2026\/03\/d87ef5a3-7495-4db3-8060-41701599146e-1229x1536.jpg 1229w, http:\/\/schule-in-den-grasgaerten.de\/wp-content\/uploads\/2026\/03\/d87ef5a3-7495-4db3-8060-41701599146e.jpg 1280w\" sizes=\"auto, (max-width: 819px) 100vw, 819px\" \/><\/figure>\n\n\n\n<figure class=\"wp-block-image size-large\"><img loading=\"lazy\" decoding=\"async\" width=\"819\" height=\"1024\" data-id=\"390\" src=\"https:\/\/schule-in-den-grasgaerten.de\/wp-content\/uploads\/2026\/03\/510f5030-9bec-42de-9a91-abbc3615121c-819x1024.jpg\" alt=\"\" class=\"wp-image-390\" srcset=\"http:\/\/schule-in-den-grasgaerten.de\/wp-content\/uploads\/2026\/03\/510f5030-9bec-42de-9a91-abbc3615121c-819x1024.jpg 819w, http:\/\/schule-in-den-grasgaerten.de\/wp-content\/uploads\/2026\/03\/510f5030-9bec-42de-9a91-abbc3615121c-240x300.jpg 240w, http:\/\/schule-in-den-grasgaerten.de\/wp-content\/uploads\/2026\/03\/510f5030-9bec-42de-9a91-abbc3615121c-768x960.jpg 768w, http:\/\/schule-in-den-grasgaerten.de\/wp-content\/uploads\/2026\/03\/510f5030-9bec-42de-9a91-abbc3615121c-1229x1536.jpg 1229w, http:\/\/schule-in-den-grasgaerten.de\/wp-content\/uploads\/2026\/03\/510f5030-9bec-42de-9a91-abbc3615121c.jpg 1280w\" sizes=\"auto, (max-width: 819px) 100vw, 819px\" \/><\/figure>\n<\/figure>\n","protected":false},"excerpt":{"rendered":"<p>Am Freitag, den 12.09.2025 haben unsere Sch\u00fcler:innen hochmotiviert am Benefizlauf teilgenommen und dabei vollen Einsatz gezeigt! Heute gab es f\u00fcr alle Teilnehmer:innen die verdiente Urkunde &#8222;Sportler mit Herz \u2764\ufe0f&#8220; und f\u00fcr die Jahrgangsbesten sogar kleine Geschenke. Besonders gefreut hat uns der Besuch von Herrn Hans-J\u00fcrgen Altes (Bezirksb\u00fcrgermeister des Stadtbezirks West), der die gemeinsame Arbeit mit [&hellip;]<\/p>\n","protected":false},"author":1,"featured_media":0,"comment_status":"closed","ping_status":"","sticky":false,"template":"","format":"standard","meta":{"footnotes":""},"categories":[1],"tags":[],"class_list":["post-386","post","type-post","status-publish","format-standard","hentry","category-uncategorized"],"_links":{"self":[{"href":"http:\/\/schule-in-den-grasgaerten.de\/index.php?rest_route=\/wp\/v2\/posts\/386","targetHints":{"allow":["GET"]}}],"collection":[{"href":"http:\/\/schule-in-den-grasgaerten.de\/index.php?rest_route=\/wp\/v2\/posts"}],"about":[{"href":"http:\/\/schule-in-den-grasgaerten.de\/index.php?rest_route=\/wp\/v2\/types\/post"}],"author":[{"embeddable":true,"href":"http:\/\/schule-in-den-grasgaerten.de\/index.php?rest_route=\/wp\/v2\/users\/1"}],"replies":[{"embeddable":true,"href":"http:\/\/schule-in-den-grasgaerten.de\/index.php?rest_route=%2Fwp%2Fv2%2Fcomments&post=386"}],"version-history":[{"count":1,"href":"http:\/\/schule-in-den-grasgaerten.de\/index.php?rest_route=\/wp\/v2\/posts\/386\/revisions"}],"predecessor-version":[{"id":392,"href":"http:\/\/schule-in-den-grasgaerten.de\/index.php?rest_route=\/wp\/v2\/posts\/386\/revisions\/392"}],"wp:attachment":[{"href":"http:\/\/schule-in-den-grasgaerten.de\/index.php?rest_route=%2Fwp%2Fv2%2Fmedia&parent=386"}],"wp:term":[{"taxonomy":"category","embeddable":true,"href":"http:\/\/schule-in-den-grasgaerten.de\/index.php?rest_route=%2Fwp%2Fv2%2Fcategories&post=386"},{"taxonomy":"post_tag","embeddable":true,"href":"http:\/\/schule-in-den-grasgaerten.de\/index.php?rest_route=%2Fwp%2Fv2%2Ftags&post=386"}],"curies":[{"name":"wp","href":"https:\/\/api.w.org\/{rel}","templated":true}]}}