{"id":371,"date":"2025-06-27T12:54:00","date_gmt":"2025-06-27T10:54:00","guid":{"rendered":"https:\/\/schule-in-den-grasgaerten.de\/?p=371"},"modified":"2026-03-04T12:58:50","modified_gmt":"2026-03-04T11:58:50","slug":"besuch-gedenkstaette-%f0%9f%95%8a%ef%b8%8f%f0%9f%92%ad","status":"publish","type":"post","link":"http:\/\/schule-in-den-grasgaerten.de\/?p=371","title":{"rendered":"Besuch Gedenkst\u00e4tte \ud83d\udd4a\ufe0f\ud83d\udcad"},"content":{"rendered":"\n<p>Heute besuchte die Klasse 10 die Gedenkst\u00e4tte des ehemaligen Konzentrationslagers Natzweiler-Struthof. Wir haben gelernt, welche grausamen Verbrechen dort geschahen und wie wichtig es ist, die Erinnerung daran wachzuhalten. Solche Verbrechen gegen die Menschlichkeit d\u00fcrfen sich niemals wiederholen. Erinnern hei\u00dft Verantwortung \u00fcbernehmen &#8211; f\u00fcr Menschlichkeit, Respekt und Frieden \ud83d\udd4a\ufe0f.<\/p>\n\n\n\n<figure class=\"wp-block-gallery has-nested-images columns-default is-cropped wp-block-gallery-1 is-layout-flex wp-block-gallery-is-layout-flex\">\n<figure class=\"wp-block-image size-large\"><img loading=\"lazy\" decoding=\"async\" width=\"768\" height=\"1024\" data-id=\"374\" src=\"https:\/\/schule-in-den-grasgaerten.de\/wp-content\/uploads\/2026\/03\/994e0f62-8ec0-41f3-9bce-0080dcf33205-768x1024.jpg\" alt=\"\" class=\"wp-image-374\" srcset=\"http:\/\/schule-in-den-grasgaerten.de\/wp-content\/uploads\/2026\/03\/994e0f62-8ec0-41f3-9bce-0080dcf33205-768x1024.jpg 768w, http:\/\/schule-in-den-grasgaerten.de\/wp-content\/uploads\/2026\/03\/994e0f62-8ec0-41f3-9bce-0080dcf33205-225x300.jpg 225w, http:\/\/schule-in-den-grasgaerten.de\/wp-content\/uploads\/2026\/03\/994e0f62-8ec0-41f3-9bce-0080dcf33205-1152x1536.jpg 1152w, http:\/\/schule-in-den-grasgaerten.de\/wp-content\/uploads\/2026\/03\/994e0f62-8ec0-41f3-9bce-0080dcf33205.jpg 1200w\" sizes=\"auto, (max-width: 768px) 100vw, 768px\" \/><\/figure>\n\n\n\n<figure class=\"wp-block-image size-large\"><img loading=\"lazy\" decoding=\"async\" width=\"1024\" height=\"485\" data-id=\"372\" src=\"https:\/\/schule-in-den-grasgaerten.de\/wp-content\/uploads\/2026\/03\/74b57bc3-0b09-440a-8fc3-1a048ecc9fc1-1024x485.jpg\" alt=\"\" class=\"wp-image-372\" srcset=\"http:\/\/schule-in-den-grasgaerten.de\/wp-content\/uploads\/2026\/03\/74b57bc3-0b09-440a-8fc3-1a048ecc9fc1-1024x485.jpg 1024w, http:\/\/schule-in-den-grasgaerten.de\/wp-content\/uploads\/2026\/03\/74b57bc3-0b09-440a-8fc3-1a048ecc9fc1-300x142.jpg 300w, http:\/\/schule-in-den-grasgaerten.de\/wp-content\/uploads\/2026\/03\/74b57bc3-0b09-440a-8fc3-1a048ecc9fc1-768x364.jpg 768w, http:\/\/schule-in-den-grasgaerten.de\/wp-content\/uploads\/2026\/03\/74b57bc3-0b09-440a-8fc3-1a048ecc9fc1-1536x728.jpg 1536w, http:\/\/schule-in-den-grasgaerten.de\/wp-content\/uploads\/2026\/03\/74b57bc3-0b09-440a-8fc3-1a048ecc9fc1.jpg 1599w\" sizes=\"auto, (max-width: 1024px) 100vw, 1024px\" \/><\/figure>\n\n\n\n<figure class=\"wp-block-image size-large\"><img loading=\"lazy\" decoding=\"async\" width=\"768\" height=\"1024\" data-id=\"373\" src=\"https:\/\/schule-in-den-grasgaerten.de\/wp-content\/uploads\/2026\/03\/2624d825-14ff-43bd-a353-4a802963d799-768x1024.jpg\" alt=\"\" class=\"wp-image-373\" srcset=\"http:\/\/schule-in-den-grasgaerten.de\/wp-content\/uploads\/2026\/03\/2624d825-14ff-43bd-a353-4a802963d799-768x1024.jpg 768w, http:\/\/schule-in-den-grasgaerten.de\/wp-content\/uploads\/2026\/03\/2624d825-14ff-43bd-a353-4a802963d799-225x300.jpg 225w, http:\/\/schule-in-den-grasgaerten.de\/wp-content\/uploads\/2026\/03\/2624d825-14ff-43bd-a353-4a802963d799-1152x1536.jpg 1152w, http:\/\/schule-in-den-grasgaerten.de\/wp-content\/uploads\/2026\/03\/2624d825-14ff-43bd-a353-4a802963d799.jpg 1200w\" sizes=\"auto, (max-width: 768px) 100vw, 768px\" \/><\/figure>\n<\/figure>\n","protected":false},"excerpt":{"rendered":"<p>Heute besuchte die Klasse 10 die Gedenkst\u00e4tte des ehemaligen Konzentrationslagers Natzweiler-Struthof. Wir haben gelernt, welche grausamen Verbrechen dort geschahen und wie wichtig es ist, die Erinnerung daran wachzuhalten. Solche Verbrechen gegen die Menschlichkeit d\u00fcrfen sich niemals wiederholen. Erinnern hei\u00dft Verantwortung \u00fcbernehmen &#8211; f\u00fcr Menschlichkeit, Respekt und Frieden \ud83d\udd4a\ufe0f.<\/p>\n","protected":false},"author":1,"featured_media":0,"comment_status":"closed","ping_status":"","sticky":false,"template":"","format":"standard","meta":{"footnotes":""},"categories":[1],"tags":[],"class_list":["post-371","post","type-post","status-publish","format-standard","hentry","category-uncategorized"],"_links":{"self":[{"href":"http:\/\/schule-in-den-grasgaerten.de\/index.php?rest_route=\/wp\/v2\/posts\/371","targetHints":{"allow":["GET"]}}],"collection":[{"href":"http:\/\/schule-in-den-grasgaerten.de\/index.php?rest_route=\/wp\/v2\/posts"}],"about":[{"href":"http:\/\/schule-in-den-grasgaerten.de\/index.php?rest_route=\/wp\/v2\/types\/post"}],"author":[{"embeddable":true,"href":"http:\/\/schule-in-den-grasgaerten.de\/index.php?rest_route=\/wp\/v2\/users\/1"}],"replies":[{"embeddable":true,"href":"http:\/\/schule-in-den-grasgaerten.de\/index.php?rest_route=%2Fwp%2Fv2%2Fcomments&post=371"}],"version-history":[{"count":1,"href":"http:\/\/schule-in-den-grasgaerten.de\/index.php?rest_route=\/wp\/v2\/posts\/371\/revisions"}],"predecessor-version":[{"id":375,"href":"http:\/\/schule-in-den-grasgaerten.de\/index.php?rest_route=\/wp\/v2\/posts\/371\/revisions\/375"}],"wp:attachment":[{"href":"http:\/\/schule-in-den-grasgaerten.de\/index.php?rest_route=%2Fwp%2Fv2%2Fmedia&parent=371"}],"wp:term":[{"taxonomy":"category","embeddable":true,"href":"http:\/\/schule-in-den-grasgaerten.de\/index.php?rest_route=%2Fwp%2Fv2%2Fcategories&post=371"},{"taxonomy":"post_tag","embeddable":true,"href":"http:\/\/schule-in-den-grasgaerten.de\/index.php?rest_route=%2Fwp%2Fv2%2Ftags&post=371"}],"curies":[{"name":"wp","href":"https:\/\/api.w.org\/{rel}","templated":true}]}}